{"@context":"https:\/\/schema.org\/","@type":"CollectionPage","@id":"https:\/\/www.zrrlz.sk\/biznis\/#CollectionPage","headline":"Biznis Category","description":"","url":"https:\/\/www.zrrlz.sk\/biznis\/","hasPart":[{"@type":"Article","@id":"https:\/\/www.zrrlz.sk\/eu-bude-mat-horucku-pred-20-samitom-a-o-buducom-sedemrocnom-rozpocte\/","headline":"EU bude ma\u0165 hor\u00fa\u010dku pred 20. samitom a o bud\u00facom sedemro\u010dnom rozpo\u010dte","url":"https:\/\/www.zrrlz.sk\/eu-bude-mat-horucku-pred-20-samitom-a-o-buducom-sedemrocnom-rozpocte\/","datePublished":"2020-02-01","dateModified":"2020-02-01","mainEntityOfPage":"https:\/\/www.zrrlz.sk\/eu-bude-mat-horucku-pred-20-samitom-a-o-buducom-sedemrocnom-rozpocte\/","author":{"@type":"Person","@id":"https:\/\/www.zrrlz.sk\/author\/#Person","name":"","url":"https:\/\/www.zrrlz.sk\/author\/","identifier":1,"image":{"@type":"ImageObject","@id":"https:\/\/secure.gravatar.com\/avatar\/4c6f4cec51e1a1b20d9361c6367b917eb8db239c023f88502d2833b745a358d4?s=96&d=mm&r=g","url":"https:\/\/secure.gravatar.com\/avatar\/4c6f4cec51e1a1b20d9361c6367b917eb8db239c023f88502d2833b745a358d4?s=96&d=mm&r=g","height":96,"width":96}},"publisher":{"@type":"Organization","name":"zrrlz.sk","logo":{"@type":"ImageObject","@id":"\/logo.png","url":"\/logo.png","width":600,"height":60}},"image":{"@type":"ImageObject","@id":"https:\/\/www.zrrlz.sk\/wp-content\/uploads\/img_a310510_w16908_t1582898504.jpg","url":"https:\/\/www.zrrlz.sk\/wp-content\/uploads\/img_a310510_w16908_t1582898504.jpg","height":0,"width":0},"keywords":null}]}