[{"@context":"https:\/\/schema.org\/","@type":"Article","@id":"https:\/\/www.zrrlz.sk\/eu-bude-mat-horucku-pred-20-samitom-a-o-buducom-sedemrocnom-rozpocte\/#Article","mainEntityOfPage":"https:\/\/www.zrrlz.sk\/eu-bude-mat-horucku-pred-20-samitom-a-o-buducom-sedemrocnom-rozpocte\/","headline":"EU bude ma\u0165 hor\u00fa\u010dku pred 20. samitom a o bud\u00facom sedemro\u010dnom rozpo\u010dte","name":"EU bude ma\u0165 hor\u00fa\u010dku pred 20. samitom a o bud\u00facom sedemro\u010dnom rozpo\u010dte","description":"L\u00eddri a\u00a0in\u0161tit\u00facie Eur\u00f3pskej \u00fanie sa tento t\u00fd\u017ede\u0148 roz\u010du\u013eovali zo stretnut\u00ed, aby za\u010dali tento rok naj\u0165a\u017e\u0161iu pr\u00e1cu, ktorej blok \u010del\u00ed. Dohodli sa na sedemro\u010dnom rozpo\u010dte, \u017ee pre mnoh\u00fdch je najhmatate\u013enej\u0161\u00edm znakom toho, ako bude zjednoten\u00e1 Eur\u00f3pa vyzera\u0165 po Brexite. V\u00a0marat\u00f3ne pr\u00edprav na osobitn\u00fdm samit o\u00a0rozpo\u010dte 20. febru\u00e1ra hovoril predseda samitov EU Charles Michel a\u00a0ved\u00faci v\u00fdkonnej EU [&hellip;]","datePublished":"2020-02-01","dateModified":"2020-02-01","author":{"@type":"Person","@id":"https:\/\/www.zrrlz.sk\/author\/#Person","name":"","url":"https:\/\/www.zrrlz.sk\/author\/","identifier":1,"image":{"@type":"ImageObject","@id":"https:\/\/secure.gravatar.com\/avatar\/4c6f4cec51e1a1b20d9361c6367b917eb8db239c023f88502d2833b745a358d4?s=96&d=mm&r=g","url":"https:\/\/secure.gravatar.com\/avatar\/4c6f4cec51e1a1b20d9361c6367b917eb8db239c023f88502d2833b745a358d4?s=96&d=mm&r=g","height":96,"width":96}},"publisher":{"@type":"Organization","name":"zrrlz.sk","logo":{"@type":"ImageObject","@id":"\/logo.png","url":"\/logo.png","width":600,"height":60}},"image":{"@type":"ImageObject","@id":"https:\/\/www.zrrlz.sk\/wp-content\/uploads\/img_a310510_w16908_t1582898504.jpg","url":"https:\/\/www.zrrlz.sk\/wp-content\/uploads\/img_a310510_w16908_t1582898504.jpg","height":0,"width":0},"url":"https:\/\/www.zrrlz.sk\/eu-bude-mat-horucku-pred-20-samitom-a-o-buducom-sedemrocnom-rozpocte\/","about":["Biznis"],"wordCount":395,"articleBody":"L\u00eddri a\u00a0in\u0161tit\u00facie Eur\u00f3pskej \u00fanie sa tento t\u00fd\u017ede\u0148 roz\u010du\u013eovali zo stretnut\u00ed, aby za\u010dali tento rok naj\u0165a\u017e\u0161iu pr\u00e1cu, ktorej blok \u010del\u00ed. Dohodli sa na sedemro\u010dnom rozpo\u010dte, \u017ee pre mnoh\u00fdch je najhmatate\u013enej\u0161\u00edm znakom toho, ako bude zjednoten\u00e1 Eur\u00f3pa vyzera\u0165 po Brexite.V\u00a0marat\u00f3ne pr\u00edprav na osobitn\u00fdm samit o\u00a0rozpo\u010dte 20. febru\u00e1ra hovoril predseda samitov EU Charles Michel a\u00a0ved\u00faci v\u00fdkonnej EU komisie Ursula von der Leyen minul\u00fd t\u00fd\u017ede\u0148 s\u00a022 ved\u00facimi predstavite\u013emi.Na bud\u00faci t\u00fd\u017ede\u0148 je napl\u00e1novan\u00fdch p\u00e4\u0165 \u010fal\u0161\u00edch vr\u00e1tane dvoch najv\u00e4\u010d\u0161\u00edch \u010dist\u00fdch prispievate\u013eov do Franc\u00fazska a\u00a0Nemecka.\u201eToto s\u00fa naj\u0165a\u017e\u0161ie rokovania, ktor\u00fdm \u010del\u00edme,\u201c uviedol vysok\u00fd predstavite\u013e zapojen\u00fd do tohto procesu.\u00a0Platnos\u0165 s\u00fa\u010dasn\u00e9ho rozpo\u010dtu, ktor\u00fd sa za\u010dal v\u00a0roku 2014, sa skon\u010d\u00ed v\u00a0decembri a\u00a0mus\u00ed sa dohodn\u00fa\u0165 nov\u00fd rozpo\u010det, preto\u017ee po\u013enohospod\u00e1ri z\u00a0cel\u00e9ho bloku do ve\u013ekej miery z\u00e1visia od jeho podpory, rovnako ako vl\u00e1dy pre infra\u0161trukt\u00farne projekty, vzdel\u00e1vanie a\u00a0v\u00fdskum.Michel vyu\u017eije stretnutia tento t\u00fd\u017ede\u0148 a\u00a0nasleduj\u00face, aby pripravil n\u00e1vrh o\u00a0celkovej v\u00fd\u0161ke rozpo\u010dtu a\u00a0rozdelen\u00ed pe\u0148az\u00ed v\u00a0\u0148om.Doteraz sa n\u00e1vrhy t\u00fdkaj\u00face sa ve\u013ekosti rozpo\u010dtu r\u00f4znych kraj\u00edn a\u00a0in\u0161tit\u00faci\u00ed pohybuj\u00fa od 1% ro\u010dnej produkcie, alebo pribli\u017ene 180 mili\u00e1rd do 190 mili\u00e1rd eur, a\u017e 1,3% &#8211; pribli\u017ene 240 mili\u00e1rd eur, za 27 kraj\u00edn.Traja predstavitelia v\u00a0piatok vyhl\u00e1sili, \u017ee ministri financi\u00ed bloku sa maj\u00fa dohodn\u00fa\u0165\u00a0 a\u00a0fi\u0161k\u00e1lnej politike priaznivej\u0161ej pre rast.Rozhovory s\u00fa nezvy\u010dajne \u0165a\u017ek\u00e9, preto\u017ee odchod Brit\u00e1nie, jedn\u00e9ho z\u00a0najlep\u0161\u00edch \u010dist\u00fdch prispievate\u013eov do rozpo\u010dtu, ponech\u00e1va \u010dist\u00fd ro\u010dn\u00fd rozdiel v\u00a0priemere viac ako 9 mili\u00e1rd EUR.In\u00ed \u010dist\u00ed prispievatelia do rozpo\u010dtu nechc\u00fa plati\u0165 viac za jeho vyplnenie, zatia\u013e \u010do pr\u00edjemcovia tvrdia, \u017ee podpora pre po\u013enohospod\u00e1rov alebo zn\u00ed\u017eenie nerovnost\u00ed v\u00a0oblasti rozvoja je nevyhnutnos\u0165ou.Cie\u013eom vz\u00e1jomn\u00fdch diskusi\u00ed medzi Michelom a\u00a0niekedy a\u017e piatimi premi\u00e9rmi denne bolo zamera\u0165 sa na to, aby obom stran\u00e1m bolo potrebn\u00e9 urobi\u0165 kompromisy, preto\u017ee od roku 2021 by mohli by\u0165 ohrozen\u00e9 desiatky programov a\u00a0projektov financovan\u00fdch.                                                                                                                                                                                                                                                                                                                                                                                                "},{"@context":"https:\/\/schema.org\/","@type":"BreadcrumbList","itemListElement":[{"@type":"ListItem","position":1,"name":"EU bude ma\u0165 hor\u00fa\u010dku pred 20. samitom a o bud\u00facom sedemro\u010dnom rozpo\u010dte","item":"https:\/\/www.zrrlz.sk\/eu-bude-mat-horucku-pred-20-samitom-a-o-buducom-sedemrocnom-rozpocte\/#breadcrumbitem"}]}]