[{"@context":"https:\/\/schema.org\/","@type":"Article","@id":"https:\/\/www.zrrlz.sk\/vonave-leto-vonava-jesen-zima-aj-jar\/#Article","mainEntityOfPage":"https:\/\/www.zrrlz.sk\/vonave-leto-vonava-jesen-zima-aj-jar\/","headline":"Vo\u0148av\u00e9 leto, vo\u0148av\u00e1 jese\u0148, zima aj jar!","name":"Vo\u0148av\u00e9 leto, vo\u0148av\u00e1 jese\u0148, zima aj jar!","description":"Ka\u017ed\u00e9 ro\u010dn\u00e9 obdobie m\u00e1 svoje typick\u00e9 v\u00f4ne. Letom vonia sladk\u00e9 ovocie, n\u00e1dhern\u00e9 kvety, svie\u017ei morsk\u00fd v\u00e1nok a ar\u00f3ma dovolenkov\u00fdch destin\u00e1ci\u00ed. Tam v\u0161ade v\u00e1s m\u00f4\u017ee doprev\u00e1dza\u0165 prekr\u00e1sna v\u00f4\u0148a na va\u0161om oble\u010den\u00ed, ktor\u00fa mu prepo\u017ei\u010daj\u00fa parf\u00e9my na pranie. Jeseni zase sved\u010dia korenist\u00e9 t\u00f3ny, tepl\u00e9 a sladk\u00e9 akcenty, ako je vanilka, \u010di ne\u017en\u00e1 zmyselnos\u0165. Chladn\u00e9 dni potrebuj\u00fa tepl\u00e9 [&hellip;]","datePublished":"2025-08-13","dateModified":"2025-08-13","author":{"@type":"Person","@id":"https:\/\/www.zrrlz.sk\/author\/#Person","name":"","url":"https:\/\/www.zrrlz.sk\/author\/","identifier":1,"image":{"@type":"ImageObject","@id":"https:\/\/secure.gravatar.com\/avatar\/4c6f4cec51e1a1b20d9361c6367b917eb8db239c023f88502d2833b745a358d4?s=96&d=mm&r=g","url":"https:\/\/secure.gravatar.com\/avatar\/4c6f4cec51e1a1b20d9361c6367b917eb8db239c023f88502d2833b745a358d4?s=96&d=mm&r=g","height":96,"width":96}},"publisher":{"@type":"Organization","name":"zrrlz.sk","logo":{"@type":"ImageObject","@id":"\/logo.png","url":"\/logo.png","width":600,"height":60}},"image":{"@type":"ImageObject","@id":"https:\/\/www.zrrlz.sk\/wp-content\/uploads\/bamboo_1_c9qkxd.jpg","url":"https:\/\/www.zrrlz.sk\/wp-content\/uploads\/bamboo_1_c9qkxd.jpg","height":0,"width":0},"url":"https:\/\/www.zrrlz.sk\/vonave-leto-vonava-jesen-zima-aj-jar\/","wordCount":382,"articleBody":"    Ka\u017ed\u00e9 ro\u010dn\u00e9 obdobie m\u00e1 svoje typick\u00e9 v\u00f4ne. Letom vonia sladk\u00e9 ovocie, n\u00e1dhern\u00e9 kvety, svie\u017ei morsk\u00fd v\u00e1nok a ar\u00f3ma dovolenkov\u00fdch destin\u00e1ci\u00ed. Tam v\u0161ade v\u00e1s m\u00f4\u017ee doprev\u00e1dza\u0165 prekr\u00e1sna v\u00f4\u0148a na va\u0161om oble\u010den\u00ed, ktor\u00fa mu prepo\u017ei\u010daj\u00fa parf\u00e9my na pranie. Jeseni zase sved\u010dia korenist\u00e9 t\u00f3ny, tepl\u00e9 a sladk\u00e9 akcenty, ako je vanilka, \u010di ne\u017en\u00e1 zmyselnos\u0165. Chladn\u00e9 dni potrebuj\u00fa tepl\u00e9 t\u00f3ny parf\u00e9mu, ktor\u00e9 vybalansuj\u00fa n\u00e1dhern\u00fa harm\u00f3niu tohto pr\u00edjemn\u00e9ho obdobia. A \u010do zima? To je elegancia, \u010distota a pohodlie. Zdobia ju najkraj\u0161ie sviatky roka a sved\u010dia jej orient\u00e1lne aj gurm\u00e1nske t\u00f3ny popretk\u00e1van\u00e9 citrusovou ar\u00f3mou.  Jarn\u00e9 t\u00f3ny vyjadren\u00e9 aj na bielizni  Aj na jar m\u00f4\u017eeme t\u00f3ny na\u0161ej bielizne a jej svie\u017eu \u010dist\u00fa v\u00f4\u0148u ladi\u0165 pod\u013ea ro\u010dn\u00e9ho obdobia. Vtedy, ke\u010f sa v\u0161etko preb\u00fadza a rastie je predsa svie\u017eos\u0165 najintenz\u00edvnej\u0161ia. Jar steles\u0148uje osvie\u017eenie, obrodenie a jemnos\u0165 a sved\u010dia jej ne\u017en\u00e9 kvetinov\u00e9 t\u00f3ny piv\u00f3nie, magn\u00f3lie \u010di fialky, ktor\u00e9 jemne dop\u013a\u0148aj\u00fa citrusov\u00e9 akcenty \u010di drevit\u00e9 t\u00f3ny. Doprajte si tak\u00e9 svie\u017ee kompoz\u00edcie, ak\u00e9 v\u00e1s naladia na toto n\u00e1dhern\u00e9 obdobie roka, kedy sa preb\u00fadzaj\u00fa energie v pr\u00edrode, ale aj v na\u0161om tele a potrebujeme poriadnu d\u00e1vku pr\u00edjemn\u00e9ho zmyslov\u00e9ho z\u00e1\u017eitku, ktor\u00fd povzbud\u00ed telo aj myse\u013e.   Hra v\u00f4n\u00ed aj zmyslov  V\u00f4ne s\u00fa \u00e9terick\u00e9 a jemn\u00e9, no dok\u00e1\u017eu okam\u017eite vyvola\u0165 reakciu na\u0161ich zmyslov, ktor\u00e1 sa pren\u00e1\u0161a \u010falej a\u017e do mozgov\u00fdch centier, kde vyvol\u00e1va pocity, vnemy a pre\u017eitky. V\u00f4\u0148a dok\u00e1\u017ee navodi\u0165 atmosf\u00e9ru pokoja, harm\u00f3nie, doda\u0165 energiu, spr\u00edjemni\u0165 de\u0148 \u010di vyvola\u0165 rados\u0165 a n\u00e1ladu. Pr\u00e1ve parf\u00e9m na pranie je prostriedkom, ako sa svie\u017eou a starostlivo premyslenou kompoz\u00edciou v\u00f4n\u00ed dokonale obklopi\u0165 na dni a t\u00fd\u017edne, preto\u017ee to\u013eko olejov\u00e9 parf\u00e9my na pranie vydr\u017eia. Vyk\u00fazlite preto trochu radosti a zmyslov\u00e9ho opojenia aj vo svojom pran\u00ed. Vyberte si parf\u00e9my na pranie a doprajte si starostlivos\u0165 a v\u00f4\u0148u, ktor\u00e1 v\u00e1m rozhodne prinesie pridan\u00fa hodnotu.                                                                                                                                                                                                                                                                                                                                                                                                  "},{"@context":"https:\/\/schema.org\/","@type":"BreadcrumbList","itemListElement":[{"@type":"ListItem","position":1,"name":"Vo\u0148av\u00e9 leto, vo\u0148av\u00e1 jese\u0148, zima aj jar!","item":"https:\/\/www.zrrlz.sk\/vonave-leto-vonava-jesen-zima-aj-jar\/#breadcrumbitem"}]}]